[{"@context":"https:\/\/schema.org\/","@type":"Article","@id":"https:\/\/www.tvb1.cz\/vase-spolecne-ja-na-papiru\/#Article","mainEntityOfPage":"https:\/\/www.tvb1.cz\/vase-spolecne-ja-na-papiru\/","headline":"Va\u0161e spole\u010dn\u00e9 j\u00e1 na pap\u00edru","name":"Va\u0161e spole\u010dn\u00e9 j\u00e1 na pap\u00edru","description":"Kdy\u017e se rozhodnete \u0159\u00edct si ano, nebude tento den zpe\u010det\u011bn\u00fd pouze na \u00fa\u0159edn\u00ed listin\u011b, ale i na kr\u00e1sn\u00e9m svatebn\u00edm ozn\u00e1men\u00ed. Ud\u011blejte v\u0161echno proto, aby va\u0161e","datePublished":"2024-12-24","dateModified":"2024-12-24","author":{"@type":"Person","@id":"https:\/\/www.tvb1.cz\/author\/#Person","name":"tvb1.cz\n","url":"https:\/\/www.tvb1.cz\/author\/","identifier":1,"image":{"@type":"ImageObject","@id":"https:\/\/secure.gravatar.com\/avatar\/774cfd57496a9f02284489749b4229073861faca9d8a66df7d65507a77c5d31f?s=96&d=mm&r=g","url":"https:\/\/secure.gravatar.com\/avatar\/774cfd57496a9f02284489749b4229073861faca9d8a66df7d65507a77c5d31f?s=96&d=mm&r=g","height":96,"width":96}},"publisher":{"@type":"Organization","name":"tvb1.cz","logo":{"@type":"ImageObject","@id":"\/logo.png","url":"\/logo.png","width":600,"height":60}},"url":"https:\/\/www.tvb1.cz\/vase-spolecne-ja-na-papiru\/","wordCount":166,"articleBody":"Kdy\u017e se rozhodnete \u0159\u00edct si ano, nebude tento den zpe\u010det\u011bn\u00fd pouze na \u00fa\u0159edn\u00ed listin\u011b, ale i na kr\u00e1sn\u00e9m svatebn\u00edm ozn\u00e1men\u00ed. Ud\u011blejte v\u0161echno proto, aby va\u0161e spole\u010dn\u00e9 j\u00e1 bylo zpe\u010det\u011bn\u00e9 kr\u00e1sn\u011b, luxusn\u011b a stylov\u011b. Nebojte se zlat\u00e9ho p\u00edsma, perle\u0165ov\u00e9ho podkladu ani p\u011bkn\u00e9 dekorace. Roze\u0161lete tuto zpr\u00e1vu v\u0161em, koho m\u00e1te r\u00e1di, p\u0159\u00edpadn\u011b si r\u00e1di vzpomenete. Kr\u00e1sn\u00e9 a doj\u00edmav\u00e9 Na svatebn\u00edm ozn\u00e1men\u00ed krom\u011b p\u00edsma a dekorac\u00ed vynikne i zaj\u00edmav\u00fd text nebo motto. Nemus\u00edte si vybrat pouze z dostupn\u00e9 nab\u00eddky, ale p\u0159in\u00e9st i svoje vlastn\u00ed texty, kter\u00e9 v\u00e1m z va\u0161eho vztahu n\u011bco p\u0159ipom\u00ednaj\u00ed, \u010di d\u00e1vaj\u00ed. Tento kus slavnostn\u00edho pap\u00edru um\u00ed rozesm\u00e1t i up\u0159\u00edmn\u011b dojmout. Nenechte si tak kr\u00e1sn\u00fd a slavnostn\u00ed okam\u017eik uj\u00edt, ani vy. Vzpom\u00ednky jsou na cel\u00fd \u017eivot.                                                                                                                                                                                                                                                                                                                                                                                        5\/5 - (2 votes)        "},{"@context":"https:\/\/schema.org\/","@type":"BreadcrumbList","itemListElement":[{"@type":"ListItem","position":1,"name":"Va\u0161e spole\u010dn\u00e9 j\u00e1 na pap\u00edru","item":"https:\/\/www.tvb1.cz\/vase-spolecne-ja-na-papiru\/#breadcrumbitem"}]}]