[{"@context":"https:\/\/schema.org\/","@type":"Article","@id":"https:\/\/www.tvb1.cz\/ofina-se-vraci-vite-jak-ji-nosit\/#Article","mainEntityOfPage":"https:\/\/www.tvb1.cz\/ofina-se-vraci-vite-jak-ji-nosit\/","headline":"Ofina se vrac\u00ed! V\u00edte, jak ji nosit?","name":"Ofina se vrac\u00ed! V\u00edte, jak ji nosit?","description":"P\u0159edt\u00edm, ne\u017e se rozhodnete pro radik\u00e1ln\u00ed zm\u011bnu ve stylu zkr\u00e1cen\u00ed ofiny, promluvte si p\u0159ed t\u00edmto velk\u00fdm krokem s\u00a0kade\u0159n\u00edkem, kter\u00fd doporu\u010d\u00ed vhodn\u00fd st\u0159ih. Samoz\u0159ejm\u011b ani vlnit\u00e9","datePublished":"2025-02-28","dateModified":"2023-04-27","author":{"@type":"Person","@id":"https:\/\/www.tvb1.cz\/author\/#Person","name":"tvb1.cz\n","url":"https:\/\/www.tvb1.cz\/author\/","identifier":1,"image":{"@type":"ImageObject","@id":"https:\/\/secure.gravatar.com\/avatar\/774cfd57496a9f02284489749b4229073861faca9d8a66df7d65507a77c5d31f?s=96&d=mm&r=g","url":"https:\/\/secure.gravatar.com\/avatar\/774cfd57496a9f02284489749b4229073861faca9d8a66df7d65507a77c5d31f?s=96&d=mm&r=g","height":96,"width":96}},"publisher":{"@type":"Organization","name":"tvb1.cz","logo":{"@type":"ImageObject","@id":"\/logo.png","url":"\/logo.png","width":600,"height":60}},"image":{"@type":"ImageObject","@id":"https:\/\/www.tvb1.cz\/wp-content\/uploads\/img_a339547_w1715_t1552747744.jpg","url":"https:\/\/www.tvb1.cz\/wp-content\/uploads\/img_a339547_w1715_t1552747744.jpg","height":0,"width":0},"url":"https:\/\/www.tvb1.cz\/ofina-se-vraci-vite-jak-ji-nosit\/","about":["Kr\u00e1sa"],"wordCount":488,"articleBody":"P\u0159edt\u00edm, ne\u017e se rozhodnete pro radik\u00e1ln\u00ed zm\u011bnu ve stylu zkr\u00e1cen\u00ed ofiny, promluvte si p\u0159ed t\u00edmto velk\u00fdm krokem s\u00a0kade\u0159n\u00edkem, kter\u00fd doporu\u010d\u00ed vhodn\u00fd st\u0159ih. Samoz\u0159ejm\u011b ani vlnit\u00e9 kade\u0159e nevylu\u010duj\u00ed, \u017ee nem\u016f\u017eete m\u00edt ofinu. Jen jej\u00ed \u00faprava vy\u017eaduje trochu v\u00edce \u010dasu a \u00fasil\u00ed, ne\u017e u klasick\u00fdch rovn\u00fdch vlas\u016f, proto by na mo\u017en\u00e1 \u00faskal\u00ed m\u011bl upozornit n\u011bkdo, kdo tomu skute\u010dn\u011b rozum\u00ed, tedy odborn\u00edk. K\u00a0t\u00e9to zm\u011bn\u011b se n\u011bkdo rozhodne hned, jin\u00e9mu to trv\u00e1 i n\u011bkolik t\u00fddn\u016f. Risk, \u017ee v\u00e1m to nebude slu\u0161et, je tu opravdu velik\u00fd, a\u010dkoli ofina slu\u0161\u00ed v\u00a0podstat\u011b ka\u017ed\u00e9 \u017een\u011b. Ov\u0161em d\u016fle\u017eit\u00fdmi aspekty cool vzhledu jsou tvar obli\u010deje i typ pleti. D\u016fkladn\u011b v\u0161e promyslet se tedy rozhodn\u011b vyplat\u00ed, proto\u017ee ofinu je mo\u017en\u00e9 ost\u0159\u00edhat v\u00a0mnoha stylech a d\u00e9lk\u00e1ch, dok\u00e1\u017ee zjemnit obli\u010dej nebo v\u00e1s dokonce zm\u011bn\u00ed k\u00a0nepozn\u00e1n\u00ed.Jak\u00fd typ ofiny zvolit?\u00b7\u00a0\u00a0\u00a0\u00a0\u00a0\u00a0\u00a0\u00a0 Hranat\u00e9mu obli\u010deji bude slu\u0161et st\u0159ih \u201ecurtain-bangs\u201c, proto\u017ee d\u00edky n\u011bmu zjemn\u00edte v\u00fdrazn\u00e9 \u010delistn\u00ed kosti. Ofina se uprost\u0159ed \u010dela rozd\u011bluje na dv\u011b \u010d\u00e1sti, p\u0159i\u010dem\u017e uprost\u0159ed je nejkrat\u0161\u00ed a po stran\u00e1ch jde v\u00edce do d\u00e9lky, tak\u017ee obr\u00e1cen\u00e9 \u201eV\u201c, kter\u00e9 je\u0161t\u011b zv\u00fdrazn\u00ed o\u010di.\u00b7\u00a0\u00a0\u00a0\u00a0\u00a0\u00a0\u00a0\u00a0 Patka na stranu jemn\u011b spadaj\u00edc\u00ed do koutku oka opticky prodlou\u017e\u00ed kulat\u00fd obli\u010dej. Ti odv\u00e1\u017en\u00ed mohou vyzkou\u0161et \u201emicro-bangs\u201c, velmi kr\u00e1tkou ofinu.\u00b7\u00a0\u00a0\u00a0\u00a0\u00a0\u00a0\u00a0\u00a0 Jemn\u00fd zaoblen\u00fd ov\u00e1ln\u00fd obli\u010dej se vyzna\u010duje t\u00edm, \u017ee se k\u00a0n\u011bmu hod\u00ed t\u00e9m\u011b\u0159 ka\u017ed\u00e1 ofina, rovn\u00fd st\u0159ih a d\u00e9lka nad obo\u010d\u00ed jej v\u00edce zjemn\u00ed a skryje prot\u00e1hlou bradu.\u00b7\u00a0\u00a0\u00a0\u00a0\u00a0\u00a0\u00a0\u00a0 \u201eLong pony\u201c styl je vhodn\u00fd pro podlouhl\u00fd obli\u010dej, kter\u00fd je typick\u00fd vysok\u00fdm \u010delem a \u00fazkou tv\u00e1\u0159\u00ed. Patka na stranu s\u00a0koncem pod vn\u011bj\u0161\u00edm koutkem, obli\u010dej kr\u00e1sn\u011b opticky zkr\u00e1t\u00ed. Rovn\u011b st\u0159i\u017een\u00e1 ofina s\u00a0d\u00e9lkou na obo\u010d\u00ed vytvo\u0159\u00ed skv\u011bl\u00fd look.\u00b7\u00a0\u00a0\u00a0\u00a0\u00a0\u00a0\u00a0\u00a0 Ofina do p\u016flm\u011bs\u00edce vynikne skv\u011ble na srdcovit\u00e9m obli\u010deji. Ten definuje \u0161irok\u00e9 \u010delo a \u00fazkou bradu, tak\u017ee oblouk, kdy ve st\u0159edu \u010dela jsou vlasy krat\u0161\u00ed a ke stran\u00e1m se jemn\u011b prodlu\u017euj\u00ed, se jev\u00ed jako skv\u011bl\u00e9 \u0159e\u0161en\u00ed kombinuj\u00edc\u00ed eleganci s\u00a0extravaganc\u00ed.Ofinu je t\u0159eba ka\u017ed\u00fd den upravovat, proto\u017ee po probuzen\u00ed nebude vypadat tak, jak si p\u0159ejete. Spolu s\u00a0razantn\u00ed zm\u011bnou a nov\u00fdm image s\u00a0ofinou, po\u0159i\u010fte si i kulat\u00fd kart\u00e1\u010d a f\u00e9n, hod\u00ed se pro denn\u00ed styling. Oble\u010den\u00ed volte v\u00a0z\u00e1vislosti na d\u00e9lce a st\u0159ihu ofiny a nechce se inspirovat slavn\u00fdmi \u017eenami jako je nap\u0159\u00edklad Anne Hathaway, kter\u00e1 ofinu zkr\u00e1tka um\u00ed nosit.                                                                                                                                                                                                                                                                                                                                                                                        5\/5 - (3 votes)        "},{"@context":"https:\/\/schema.org\/","@type":"BreadcrumbList","itemListElement":[{"@type":"ListItem","position":1,"name":"Ofina se vrac\u00ed! V\u00edte, jak ji nosit?","item":"https:\/\/www.tvb1.cz\/ofina-se-vraci-vite-jak-ji-nosit\/#breadcrumbitem"}]}]