[{"@context":"https:\/\/schema.org\/","@type":"Article","@id":"https:\/\/www.tvb1.cz\/nestovice-spala-angina-strasak-nasich-skolek\/#Article","mainEntityOfPage":"https:\/\/www.tvb1.cz\/nestovice-spala-angina-strasak-nasich-skolek\/","headline":"Ne\u0161tovice, sp\u00e1la, ang\u00edna \u2013 stra\u0161\u00e1k na\u0161ich \u0161kolek","name":"Ne\u0161tovice, sp\u00e1la, ang\u00edna \u2013 stra\u0161\u00e1k na\u0161ich \u0161kolek","description":"Jist\u011b mi mnoho rodi\u010d\u016f d\u00e1 v jedn\u00e9 v\u011bci za pravdu. Dokud je na\u0161e d\u00edt\u011b doma, nebo chod\u00ed maxim\u00e1ln\u011b na h\u0159i\u0161t\u011b p\u0159ed d\u016fm, tak je zdrav\u00e9.","datePublished":"2025-03-01","dateModified":"2023-04-27","author":{"@type":"Person","@id":"https:\/\/www.tvb1.cz\/author\/#Person","name":"tvb1.cz\n","url":"https:\/\/www.tvb1.cz\/author\/","identifier":1,"image":{"@type":"ImageObject","@id":"https:\/\/secure.gravatar.com\/avatar\/774cfd57496a9f02284489749b4229073861faca9d8a66df7d65507a77c5d31f?s=96&d=mm&r=g","url":"https:\/\/secure.gravatar.com\/avatar\/774cfd57496a9f02284489749b4229073861faca9d8a66df7d65507a77c5d31f?s=96&d=mm&r=g","height":96,"width":96}},"publisher":{"@type":"Organization","name":"tvb1.cz","logo":{"@type":"ImageObject","@id":"\/logo.png","url":"\/logo.png","width":600,"height":60}},"image":{"@type":"ImageObject","@id":"https:\/\/www.tvb1.cz\/wp-content\/uploads\/img_a290219_w1715_t1502431668.jpg","url":"https:\/\/www.tvb1.cz\/wp-content\/uploads\/img_a290219_w1715_t1502431668.jpg","height":0,"width":0},"url":"https:\/\/www.tvb1.cz\/nestovice-spala-angina-strasak-nasich-skolek\/","about":["D\u011bti"],"wordCount":415,"articleBody":"Jist\u011b mi mnoho rodi\u010d\u016f d\u00e1 v jedn\u00e9 v\u011bci za pravdu. Dokud je na\u0161e d\u00edt\u011b doma, nebo chod\u00ed maxim\u00e1ln\u011b na h\u0159i\u0161t\u011b p\u0159ed d\u016fm, tak je zdrav\u00e9. Jakmile nastoup\u00ed do \u0161kolky, je zle. Jedna nemoc st\u0159\u00edd\u00e1 druhou. A\u017e m\u00e1me n\u011bkdy strach, jestli se nem\u016f\u017ee jednat o n\u011bco v\u00e1\u017en\u011bj\u0161\u00edho. Nen\u00ed p\u0159eci mo\u017en\u00e9, \u017ee bylo to na\u0161e d\u00edt\u011b zdrav\u00e9 jako buk a te\u010f ho ka\u017edou chv\u00edli n\u011bco skol\u00ed. Neob\u00e1vejte se, je to naprosto norm\u00e1ln\u00ed. D\u011bti si prost\u011b mezi sebou nemoci p\u0159ed\u00e1vaj\u00ed jako \u0161tafetu.\u00a7\u00a0 Proto je od n\u011bkter\u00fdch rodi\u010d\u016f nezodpov\u011bdn\u00e9 pos\u00edlat nemocn\u00e9 d\u00edt\u011b do \u0161kolky.\tD\u016fle\u017eit\u00e9 je pe\u010dliv\u00e9 dol\u00e9\u010den\u00edNej\u010dast\u011bj\u0161\u00ed pot\u00ed\u017ee, kter\u00e9 jsou vyvol\u00e1ny infekcemi, jsou ang\u00edna, sp\u00e1la a plan\u00e9 ne\u0161tovice. V\u0161echny t\u0159i nemoci pot\u0159ebuj\u00ed karant\u00e9nu, klid a hlavn\u011b dol\u00e9\u010den\u00ed.&#8211;\u00a0\u00a0\u00a0\u00a0\u00a0\u00a0\u00a0\u00a0 Ang\u00ednaje z\u00e1n\u011bt hrtanu nebo kr\u010dn\u00edch mandl\u00ed. Pozn\u00e1 se velice snadno \u00fapornou bolest\u00ed v krku. N\u011bkdy i natekl\u00fdm krkem. Inkuba\u010dn\u00ed doba je dva a\u017e \u010dty\u0159i dny. Je pot\u0159eba pod\u00e1vat ka\u0161ovitou stravu, proto\u017ee d\u00edt\u011bti se velice \u0161patn\u011b polyk\u00e1. Je nutn\u00e9 nav\u0161t\u00edvit l\u00e9ka\u0159e, kter\u00fd rozhodne o dal\u0161\u00ed l\u00e9\u010db\u011b.&#8211;\u00a0\u00a0\u00a0\u00a0\u00a0\u00a0\u00a0\u00a0 Sp\u00e1la \u2013 tuto nemoc doprov\u00e1zej\u00ed vysok\u00e9 hore\u010dky, kter\u00e9 mohou dos\u00e1hnout i \u010dty\u0159iceti stup\u0148\u016f. D\u00edt\u011b m\u00e1 zdu\u0159el\u00e9 kr\u010dn\u00ed uzliny. Vyskytuje se i vyr\u00e1\u017eka v podb\u0159i\u0161ku, t\u0159\u00edslech a n\u011bkdy i na vnit\u0159n\u00ed stran\u011b stehen. Tato nemoc m\u016f\u017ee b\u00fdt velice z\u00e1ke\u0159n\u00e1. Proto neot\u00e1lejte a s d\u00edt\u011btem nav\u0161tivte neodkladn\u011b l\u00e9ka\u0159e. S nejv\u011bt\u0161\u00ed pravd\u011bpodobnost\u00ed dostane Va\u0161e d\u00edt\u011b antibiotika. Je nutn\u00e9 naprost\u00e9 vyl\u00e9\u010den\u00ed!&#8211;\u00a0\u00a0\u00a0\u00a0\u00a0\u00a0\u00a0\u00a0 Plan\u00e9 ne\u0161tovice\u2013 jestli\u017ee p\u0159ijde do \u0161kolky nebo \u0161koly jedno d\u00edt\u011b, kter\u00e9 je napaden\u00e9 virem plan\u00fdch ne\u0161tovic, m\u016f\u017ee veden\u00ed vyhl\u00e1sit pr\u00e1zdniny. S nejv\u011bt\u0161\u00ed pravd\u011bpodobnost\u00ed je dostanou v\u0161echny d\u011bti. Podle l\u00e9ka\u0159\u016f je dobr\u00e9 ne\u0161tovice prod\u011blat v d\u011btsk\u00e9m v\u011bku. V dosp\u011blosti by mohl m\u00edt \u010dlov\u011bk komplikace. Ne\u0161tovice rozpozn\u00e1te snadno. Na obli\u010deji a pozd\u011bji na ostatn\u00edch \u010d\u00e1stech t\u011bla, se objev\u00ed drobn\u00e9 puch\u00fd\u0159ky, kter\u00e9 jsou sv\u011bdiv\u00e9. Doporu\u010duje se l\u00e9\u010dba tekut\u00fdm pudrem.                                                                                                                                                                                                                                                                                                                                                                                        4.2\/5 - (8 votes)        "},{"@context":"https:\/\/schema.org\/","@type":"BreadcrumbList","itemListElement":[{"@type":"ListItem","position":1,"name":"Ne\u0161tovice, sp\u00e1la, ang\u00edna \u2013 stra\u0161\u00e1k na\u0161ich \u0161kolek","item":"https:\/\/www.tvb1.cz\/nestovice-spala-angina-strasak-nasich-skolek\/#breadcrumbitem"}]}]