[{"@context":"https:\/\/schema.org\/","@type":"Article","@id":"https:\/\/www.tvb1.cz\/kdyz-doplnek-tak-sedaci-vak\/#Article","mainEntityOfPage":"https:\/\/www.tvb1.cz\/kdyz-doplnek-tak-sedaci-vak\/","headline":"Kdy\u017e dopln\u011bk, tak sedac\u00ed vak","name":"Kdy\u017e dopln\u011bk, tak sedac\u00ed vak","description":"V dne\u0161n\u00ed dob\u011b m\u016f\u017eete sehnat skute\u010dn\u011b ledacos. P\u0159\u00edkladem je sedac\u00ed pytel, kter\u00fd d\u0159\u00edve v\u016fbec neexistoval. P\u0159itom jej vyu\u017e\u00edvali lid\u00e9 po cel\u00e9m sv\u011bt\u011b, a to nap\u0159\u00edklad","datePublished":"2018-08-22","dateModified":"2023-04-27","author":{"@type":"Person","@id":"https:\/\/www.tvb1.cz\/author\/#Person","name":"tvb1.cz\n","url":"https:\/\/www.tvb1.cz\/author\/","identifier":1,"image":{"@type":"ImageObject","@id":"https:\/\/secure.gravatar.com\/avatar\/774cfd57496a9f02284489749b4229073861faca9d8a66df7d65507a77c5d31f?s=96&d=mm&r=g","url":"https:\/\/secure.gravatar.com\/avatar\/774cfd57496a9f02284489749b4229073861faca9d8a66df7d65507a77c5d31f?s=96&d=mm&r=g","height":96,"width":96}},"publisher":{"@type":"Organization","name":"tvb1.cz","logo":{"@type":"ImageObject","@id":"\/logo.png","url":"\/logo.png","width":600,"height":60}},"image":{"@type":"ImageObject","@id":"https:\/\/www.tvb1.cz\/wp-content\/uploads\/img_a322943_w1715_t1534795914.jpg","url":"https:\/\/www.tvb1.cz\/wp-content\/uploads\/img_a322943_w1715_t1534795914.jpg","height":0,"width":0},"url":"https:\/\/www.tvb1.cz\/kdyz-doplnek-tak-sedaci-vak\/","about":["Zbo\u017e\u00ed"],"wordCount":420,"articleBody":"         V dne\u0161n\u00ed dob\u011b m\u016f\u017eete sehnat skute\u010dn\u011b ledacos. P\u0159\u00edkladem je sedac\u00ed pytel, kter\u00fd d\u0159\u00edve v\u016fbec neexistoval. P\u0159itom jej vyu\u017e\u00edvali lid\u00e9 po cel\u00e9m sv\u011bt\u011b, a to nap\u0159\u00edklad v oblasti zem\u011bd\u011blstv\u00ed. Kdo by toti\u017e neznal ten b\u00e1je\u010dn\u00fd pocit, kdy\u017e se po n\u00e1ro\u010dn\u00e9 pr\u00e1ci m\u016f\u017eete polo\u017eit do m\u011bkk\u00fdch pytl\u016f, nap\u0159\u00edklad s obil\u00edm? Pr\u00e1v\u011b tento pocit, a je\u0161t\u011b mnohem p\u0159\u00edjemn\u011bj\u0161\u00ed, si m\u016f\u017eete dop\u0159\u00e1t ve sv\u00fdch dom\u00e1cnostech. Budete k tomu v\u0161ak pot\u0159ebovat pr\u00e1v\u011b sedac\u00ed pytel, kter\u00fd je k dost\u00e1n\u00ed v nejr\u016fzn\u011bj\u0161\u00edch variant\u00e1ch. Na v\u00e1s proto je jenom jedno, a to vybrat si konkr\u00e9tn\u00ed produkt. Pro dom\u00e1cnost jenom to nejlep\u0161\u00ed V\u00fdhodou tohoto zaj\u00edmav\u00e9ho prvku je p\u0159edev\u0161\u00edm to, \u017ee jej m\u016f\u017eete um\u00edstit jak do lo\u017enice, tak do ob\u00fdvac\u00edho pokoje nebo t\u0159eba k d\u011btem do jejich pokoje. V\u0161ude pro tento zaj\u00edmav\u00fd dopln\u011bk najdete m\u00edsto, a to nejenom jako prost\u0159edek pro leno\u0161en\u00ed, ale tak\u00e9 jako prvek designu. Ve sv\u00e9 podstat\u011b toti\u017e i sedac\u00ed pytel levn\u011b m\u016f\u017ee p\u016fsobit luxusn\u00edm a elegantn\u00edm dojmem. V\u0161echno tkv\u00ed pr\u00e1v\u011b ve v\u00e1s a v tom, jak to s t\u00edmto prvkem vymysl\u00edte. Do jak\u00e9koliv dom\u00e1cnosti Dal\u0161\u00ed velk\u00e1 v\u00fdhoda tohoto produktu tkv\u00ed v tom, \u017ee se jedn\u00e1 ji\u017e ze z\u00e1kladu o dvoubarevn\u00e9 proveden\u00ed. To znamen\u00e1, \u017ee m\u016f\u017eete ud\u011blat barevn\u00fd kompromis. Kdy\u017e se toti\u017e jedn\u00e9 polovin\u011b rodiny l\u00edb\u00ed jedna barva a druh\u00e9 polovin\u011b rodiny se lib\u00ed jin\u00e1, m\u016f\u017ee nastat probl\u00e9m. Ne v\u0161ak zde, tak pro\u010d toho nevyu\u017e\u00edt, kdy\u017e se to tak n\u00e1ramn\u011b vyb\u00edz\u00ed? Nakupujte, jak jenom budete cht\u00edt D\u00edky ne zcela vysok\u00fdm cen\u00e1m se nen\u00ed t\u0159eba ob\u00e1vat toho, \u017ee byste si v t\u00e9to oblasti nevybrali. Naopak, \u010dekaj\u00ed v\u00e1s n\u00edzk\u00e9 ceny, bohat\u00fd v\u00fdb\u011br, a to v\u0161e v p\u0159ehledn\u00e9m internetov\u00e9m obchod\u011b. Ten ur\u010dit\u011b vyu\u017eijte, co to jenom p\u016fjde, nebo\u0165 tohle je prvek, kter\u00fd ve sv\u00e9 dom\u00e1cnosti opravdu pot\u0159ebujete a prvek, kter\u00fd byste rozhodn\u011b m\u011bli m\u00edt. S t\u00edmto designov\u00fdm prvkem toti\u017e budete moci oslnit jak svou rodinu, tak v\u0161echny n\u00e1v\u0161t\u011bvn\u00edky, kte\u0159\u00ed si na v\u00e1s ud\u011blaj\u00ed \u010das.                                                                                                                                                                                                                                                                                                                                                                                           4.4\/5 - (7 votes)        "},{"@context":"https:\/\/schema.org\/","@type":"BreadcrumbList","itemListElement":[{"@type":"ListItem","position":1,"name":"Kdy\u017e dopln\u011bk, tak sedac\u00ed vak","item":"https:\/\/www.tvb1.cz\/kdyz-doplnek-tak-sedaci-vak\/#breadcrumbitem"}]}]