[{"@context":"https:\/\/schema.org\/","@type":"Article","@id":"https:\/\/www.tvb1.cz\/date-svoje-dite-do-mikrojesli\/#Article","mainEntityOfPage":"https:\/\/www.tvb1.cz\/date-svoje-dite-do-mikrojesli\/","headline":"D\u00e1te svoje d\u00edt\u011b do mikrojesl\u00ed?","name":"D\u00e1te svoje d\u00edt\u011b do mikrojesl\u00ed?","description":"V posledn\u00ed dob\u011b se objevuje nov\u00fd trend d\u00e1vat svoje nejmen\u0161\u00ed d\u011bti do mikrojesl\u00ed. A tak nast\u00e1v\u00e1 ot\u00e1zka, zda \u201eodlo\u017eit\u201c tak mal\u00e9 d\u00edt\u011b mezi \u201etety\u201c a","datePublished":"2023-04-27","dateModified":"2023-04-27","author":{"@type":"Person","@id":"https:\/\/www.tvb1.cz\/author\/#Person","name":"tvb1.cz\n","url":"https:\/\/www.tvb1.cz\/author\/","identifier":1,"image":{"@type":"ImageObject","@id":"https:\/\/secure.gravatar.com\/avatar\/774cfd57496a9f02284489749b4229073861faca9d8a66df7d65507a77c5d31f?s=96&d=mm&r=g","url":"https:\/\/secure.gravatar.com\/avatar\/774cfd57496a9f02284489749b4229073861faca9d8a66df7d65507a77c5d31f?s=96&d=mm&r=g","height":96,"width":96}},"publisher":{"@type":"Organization","name":"tvb1.cz","logo":{"@type":"ImageObject","@id":"\/logo.png","url":"\/logo.png","width":600,"height":60}},"url":"https:\/\/www.tvb1.cz\/date-svoje-dite-do-mikrojesli\/","about":["D\u011bti"],"wordCount":440,"articleBody":"V posledn\u00ed dob\u011b se objevuje nov\u00fd trend d\u00e1vat svoje nejmen\u0161\u00ed d\u011bti do mikrojesl\u00ed. A tak nast\u00e1v\u00e1 ot\u00e1zka, zda \u201eodlo\u017eit\u201c tak mal\u00e9 d\u00edt\u011b mezi \u201etety\u201c a jin\u00e9 d\u011bti nebo s n\u00edm z\u016fstat doma do t\u0159\u00ed let, ne\u017e bude moci nastoupit do \u0161kolky. A to i za cenu toho, \u017ee rodina se bude muset po finan\u010dn\u00ed str\u00e1nce uskromnit, nebo\u0165 mate\u0159sk\u00e1 ani rodi\u010dovsk\u00fd p\u0159\u00edsp\u011bvek p\u0159\u00edli\u0161 velk\u00e9 nejsou.\u00a0Probl\u00e9m nelze pau\u0161alizovatSkute\u010dn\u011b nelze odsuzovat nikoho za to, \u017ee d\u00e1 svoje d\u00edt\u011b ji\u017e v p\u016fl roce do mikrojesl\u00ed, pokud k tomu m\u00e1 v\u00e1\u017en\u00fd d\u016fvod. Jestli\u017ee jde o samo\u017eivitelku nebo matku, kterou otec d\u00edt\u011bte opustil, nem\u00e1 prakticky jinou mo\u017enost. Tak\u00e9 otec mal\u00e9ho d\u00edt\u011bte m\u016f\u017ee ovdov\u011bt a pro udr\u017een\u00ed zam\u011bstn\u00e1n\u00ed mu nic jin\u00e9ho nezb\u00fdv\u00e1.Dnes se nelze spol\u00e9hat ani na babi\u010dky, kter\u00e9 jsou je\u0161t\u011b pom\u011brn\u011b mlad\u00e9 a do starobn\u00edho d\u016fchodu jim zb\u00fdv\u00e1 je\u0161t\u011b mnoho let. Proton\u00e1pad znovu z\u0159\u00eddit za\u0159\u00edzen\u00ed, kter\u00e9 se postar\u00e1 o d\u011bti mlad\u0161\u00ed t\u0159\u00ed let, je pro ne\u00faplnou rodinu nebo rodinu s n\u00edzk\u00fdmi p\u0159\u00edjmy velkou pomoc\u00ed. \u00a0Je to dob\u0159e, pokud to nen\u00ed nutnost?\u00b7\u00a0\u00a0\u00a0\u00a0\u00a0\u00a0\u00a0\u00a0 Jeden n\u00e1zor \u0159\u00edk\u00e1, \u017ee d\u011btsk\u00fd kolektiv pot\u0159ebuje d\u00edt\u011b nejd\u0159\u00edve od t\u0159\u00ed let a pokl\u00e1d\u00e1 za d\u016fle\u017eit\u00e9 pro d\u00edt\u011b, aby m\u011blo k dispozici celodenn\u00ed n\u00e1ru\u010d matky a pro matku, aby mohla sledovat jeho ka\u017edodenn\u00ed v\u00fdvoj. \u00b7\u00a0\u00a0\u00a0\u00a0\u00a0\u00a0\u00a0\u00a0 Jsou ov\u0161em \u017eeny, kter\u00e9 maj\u00ed vysoce odbornou a dob\u0159e placenou pr\u00e1ci, o kterou necht\u011bj\u00ed p\u0159ij\u00edt. Jejich p\u0159\u00edjem je pro rodinu tak nepostradateln\u00fd, \u017ee n\u011bkde dokonce nastupuj\u00ed na rodi\u010dovskou jejich mu\u017ei.Je ot\u00e1zkou, zdali to tak bude i nad\u00e1le, kdy\u017e budou ji\u017e k dispozici mikrojesle. Tito rodi\u010de v\u0161ak v\u011bt\u0161inou dok\u00e1\u017e\u00ed sladit svoje profesion\u00e1ln\u00ed po\u017eadavky a pot\u0159eby d\u00edt\u011bte a rozhodn\u011b je neodkl\u00e1daj\u00ed, aby se ho zbavili.\u00b7\u00a0\u00a0\u00a0\u00a0\u00a0\u00a0\u00a0\u00a0 A pak je tu dal\u0161\u00ed skupina matek, kter\u00e9 se v celodenn\u00ed p\u00e9\u010di o d\u00edt\u011b a celou dom\u00e1cnost c\u00edt\u00ed nedocen\u011bn\u00e9 a unaven\u00e9. D\u00edt\u011b do jednoho roku \u017eivota v\u0161ak je je\u0161t\u011b kojenec a celkov\u011b je obdob\u00ed do t\u0159\u00ed let to nejkr\u00e1sn\u011bj\u0161\u00ed. Proto pokud se t\u011bmto matk\u00e1m poda\u0159\u00ed realizovat pr\u00e1ci z domova nebo se st\u0159\u00eddat v p\u00e9\u010di s partnerem, z\u016fst\u00e1vaj\u00ed n\u011bkter\u00e9 p\u0159ece jen rad\u011bji doma.                                                                                                                                                                                                                                                                                                                                                                                        4\/5 - (13 votes)        "},{"@context":"https:\/\/schema.org\/","@type":"BreadcrumbList","itemListElement":[{"@type":"ListItem","position":1,"name":"D\u00e1te svoje d\u00edt\u011b do mikrojesl\u00ed?","item":"https:\/\/www.tvb1.cz\/date-svoje-dite-do-mikrojesli\/#breadcrumbitem"}]}]