{"@context":"https:\/\/schema.org\/","@type":"CollectionPage","@id":"https:\/\/www.tvb1.cz\/bydleni\/#CollectionPage","headline":"Bydlen\u00ed Category","description":"","url":"https:\/\/www.tvb1.cz\/bydleni\/","hasPart":[{"@type":"Article","@id":"https:\/\/www.tvb1.cz\/bydleni-podle-vlastnich-predstav\/","headline":"Bydlen\u00ed podle vlastn\u00edch p\u0159edstav","url":"https:\/\/www.tvb1.cz\/bydleni-podle-vlastnich-predstav\/","datePublished":"2020-10-11","dateModified":"2023-04-27","mainEntityOfPage":"https:\/\/www.tvb1.cz\/bydleni-podle-vlastnich-predstav\/","author":{"@type":"Person","@id":"https:\/\/www.tvb1.cz\/author\/#Person","name":"tvb1.cz\n","url":"https:\/\/www.tvb1.cz\/author\/","identifier":1,"image":{"@type":"ImageObject","@id":"https:\/\/secure.gravatar.com\/avatar\/774cfd57496a9f02284489749b4229073861faca9d8a66df7d65507a77c5d31f?s=96&d=mm&r=g","url":"https:\/\/secure.gravatar.com\/avatar\/774cfd57496a9f02284489749b4229073861faca9d8a66df7d65507a77c5d31f?s=96&d=mm&r=g","height":96,"width":96}},"publisher":{"@type":"Organization","name":"tvb1.cz","logo":{"@type":"ImageObject","@id":"\/logo.png","url":"\/logo.png","width":600,"height":60}},"image":{"@type":"ImageObject","@id":"https:\/\/www.tvb1.cz\/wp-content\/uploads\/img_a279019_w1715_t1602653439.jpg","url":"https:\/\/www.tvb1.cz\/wp-content\/uploads\/img_a279019_w1715_t1602653439.jpg","height":0,"width":0},"keywords":null},{"@type":"Article","@id":"https:\/\/www.tvb1.cz\/zivot-s-klimatizaci-je-prijemnejsi\/","headline":"\u017divot s klimatizac\u00ed je p\u0159\u00edjemn\u011bj\u0161\u00ed","url":"https:\/\/www.tvb1.cz\/zivot-s-klimatizaci-je-prijemnejsi\/","datePublished":"2019-09-21","dateModified":"2023-04-27","mainEntityOfPage":"https:\/\/www.tvb1.cz\/zivot-s-klimatizaci-je-prijemnejsi\/","author":{"@type":"Person","@id":"https:\/\/www.tvb1.cz\/author\/#Person","name":"tvb1.cz\n","url":"https:\/\/www.tvb1.cz\/author\/","identifier":1,"image":{"@type":"ImageObject","@id":"https:\/\/secure.gravatar.com\/avatar\/774cfd57496a9f02284489749b4229073861faca9d8a66df7d65507a77c5d31f?s=96&d=mm&r=g","url":"https:\/\/secure.gravatar.com\/avatar\/774cfd57496a9f02284489749b4229073861faca9d8a66df7d65507a77c5d31f?s=96&d=mm&r=g","height":96,"width":96}},"publisher":{"@type":"Organization","name":"tvb1.cz","logo":{"@type":"ImageObject","@id":"\/logo.png","url":"\/logo.png","width":600,"height":60}},"image":{"@type":"ImageObject","@id":"https:\/\/www.tvb1.cz\/wp-content\/uploads\/img_a362238_w1715_t1575274340.jpg","url":"https:\/\/www.tvb1.cz\/wp-content\/uploads\/img_a362238_w1715_t1575274340.jpg","height":0,"width":0},"keywords":null},{"@type":"Article","@id":"https:\/\/www.tvb1.cz\/designove-solo-pro-podlahu\/","headline":"Designov\u00e9 s\u00f3lo pro podlahu","url":"https:\/\/www.tvb1.cz\/designove-solo-pro-podlahu\/","datePublished":"2019-08-23","dateModified":"2023-04-27","mainEntityOfPage":"https:\/\/www.tvb1.cz\/designove-solo-pro-podlahu\/","author":{"@type":"Person","@id":"https:\/\/www.tvb1.cz\/author\/#Person","name":"tvb1.cz\n","url":"https:\/\/www.tvb1.cz\/author\/","identifier":1,"image":{"@type":"ImageObject","@id":"https:\/\/secure.gravatar.com\/avatar\/774cfd57496a9f02284489749b4229073861faca9d8a66df7d65507a77c5d31f?s=96&d=mm&r=g","url":"https:\/\/secure.gravatar.com\/avatar\/774cfd57496a9f02284489749b4229073861faca9d8a66df7d65507a77c5d31f?s=96&d=mm&r=g","height":96,"width":96}},"publisher":{"@type":"Organization","name":"tvb1.cz","logo":{"@type":"ImageObject","@id":"\/logo.png","url":"\/logo.png","width":600,"height":60}},"image":{"@type":"ImageObject","@id":"https:\/\/www.tvb1.cz\/wp-content\/uploads\/img_a358485_w1715_t1572858738.jpg","url":"https:\/\/www.tvb1.cz\/wp-content\/uploads\/img_a358485_w1715_t1572858738.jpg","height":0,"width":0},"keywords":null},{"@type":"Article","@id":"https:\/\/www.tvb1.cz\/rozvrzeni-zahrady\/","headline":"Rozvr\u017een\u00ed zahrady","url":"https:\/\/www.tvb1.cz\/rozvrzeni-zahrady\/","datePublished":"2019-08-14","dateModified":"2023-04-27","mainEntityOfPage":"https:\/\/www.tvb1.cz\/rozvrzeni-zahrady\/","author":{"@type":"Person","@id":"https:\/\/www.tvb1.cz\/author\/#Person","name":"tvb1.cz\n","url":"https:\/\/www.tvb1.cz\/author\/","identifier":1,"image":{"@type":"ImageObject","@id":"https:\/\/secure.gravatar.com\/avatar\/774cfd57496a9f02284489749b4229073861faca9d8a66df7d65507a77c5d31f?s=96&d=mm&r=g","url":"https:\/\/secure.gravatar.com\/avatar\/774cfd57496a9f02284489749b4229073861faca9d8a66df7d65507a77c5d31f?s=96&d=mm&r=g","height":96,"width":96}},"publisher":{"@type":"Organization","name":"tvb1.cz","logo":{"@type":"ImageObject","@id":"\/logo.png","url":"\/logo.png","width":600,"height":60}},"image":{"@type":"ImageObject","@id":"https:\/\/www.tvb1.cz\/wp-content\/uploads\/img_a366124_w1715_t1578656915.jpg","url":"https:\/\/www.tvb1.cz\/wp-content\/uploads\/img_a366124_w1715_t1578656915.jpg","height":0,"width":0},"keywords":null},{"@type":"Article","@id":"https:\/\/www.tvb1.cz\/bydleni-mladych\/","headline":"Bydlen\u00ed mlad\u00fdch","url":"https:\/\/www.tvb1.cz\/bydleni-mladych\/","datePublished":"2019-08-13","dateModified":"2023-04-27","mainEntityOfPage":"https:\/\/www.tvb1.cz\/bydleni-mladych\/","author":{"@type":"Person","@id":"https:\/\/www.tvb1.cz\/author\/#Person","name":"tvb1.cz\n","url":"https:\/\/www.tvb1.cz\/author\/","identifier":1,"image":{"@type":"ImageObject","@id":"https:\/\/secure.gravatar.com\/avatar\/774cfd57496a9f02284489749b4229073861faca9d8a66df7d65507a77c5d31f?s=96&d=mm&r=g","url":"https:\/\/secure.gravatar.com\/avatar\/774cfd57496a9f02284489749b4229073861faca9d8a66df7d65507a77c5d31f?s=96&d=mm&r=g","height":96,"width":96}},"publisher":{"@type":"Organization","name":"tvb1.cz","logo":{"@type":"ImageObject","@id":"\/logo.png","url":"\/logo.png","width":600,"height":60}},"image":{"@type":"ImageObject","@id":"https:\/\/www.tvb1.cz\/wp-content\/uploads\/img_a366104_w1715_t1578654018.jpg","url":"https:\/\/www.tvb1.cz\/wp-content\/uploads\/img_a366104_w1715_t1578654018.jpg","height":0,"width":0},"keywords":null},{"@type":"Article","@id":"https:\/\/www.tvb1.cz\/staci-jedno-spatne-rozhodnuti-a-vase-sedaci-souprava-je-znicena\/","headline":"Sta\u010d\u00ed jedno \u0161patn\u00e9 rozhodnut\u00ed a va\u0161e sedac\u00ed souprava je zni\u010den\u00e1","url":"https:\/\/www.tvb1.cz\/staci-jedno-spatne-rozhodnuti-a-vase-sedaci-souprava-je-znicena\/","datePublished":"2019-07-15","dateModified":"2023-04-27","mainEntityOfPage":"https:\/\/www.tvb1.cz\/staci-jedno-spatne-rozhodnuti-a-vase-sedaci-souprava-je-znicena\/","author":{"@type":"Person","@id":"https:\/\/www.tvb1.cz\/author\/#Person","name":"tvb1.cz\n","url":"https:\/\/www.tvb1.cz\/author\/","identifier":1,"image":{"@type":"ImageObject","@id":"https:\/\/secure.gravatar.com\/avatar\/774cfd57496a9f02284489749b4229073861faca9d8a66df7d65507a77c5d31f?s=96&d=mm&r=g","url":"https:\/\/secure.gravatar.com\/avatar\/774cfd57496a9f02284489749b4229073861faca9d8a66df7d65507a77c5d31f?s=96&d=mm&r=g","height":96,"width":96}},"publisher":{"@type":"Organization","name":"tvb1.cz","logo":{"@type":"ImageObject","@id":"\/logo.png","url":"\/logo.png","width":600,"height":60}},"image":{"@type":"ImageObject","@id":"https:\/\/www.tvb1.cz\/wp-content\/uploads\/img_a359804_w1715_t1573741564.jpg","url":"https:\/\/www.tvb1.cz\/wp-content\/uploads\/img_a359804_w1715_t1573741564.jpg","height":0,"width":0},"keywords":null},{"@type":"Article","@id":"https:\/\/www.tvb1.cz\/venkovni-schodiste-musi-byt-odolne\/","headline":"Venkovn\u00ed schodi\u0161t\u011b mus\u00ed b\u00fdt odoln\u00e9","url":"https:\/\/www.tvb1.cz\/venkovni-schodiste-musi-byt-odolne\/","datePublished":"2019-06-19","dateModified":"2023-04-27","mainEntityOfPage":"https:\/\/www.tvb1.cz\/venkovni-schodiste-musi-byt-odolne\/","author":{"@type":"Person","@id":"https:\/\/www.tvb1.cz\/author\/#Person","name":"tvb1.cz\n","url":"https:\/\/www.tvb1.cz\/author\/","identifier":1,"image":{"@type":"ImageObject","@id":"https:\/\/secure.gravatar.com\/avatar\/774cfd57496a9f02284489749b4229073861faca9d8a66df7d65507a77c5d31f?s=96&d=mm&r=g","url":"https:\/\/secure.gravatar.com\/avatar\/774cfd57496a9f02284489749b4229073861faca9d8a66df7d65507a77c5d31f?s=96&d=mm&r=g","height":96,"width":96}},"publisher":{"@type":"Organization","name":"tvb1.cz","logo":{"@type":"ImageObject","@id":"\/logo.png","url":"\/logo.png","width":600,"height":60}},"image":{"@type":"ImageObject","@id":"https:\/\/www.tvb1.cz\/wp-content\/uploads\/img_a355812_w1715_t1570447679.jpg","url":"https:\/\/www.tvb1.cz\/wp-content\/uploads\/img_a355812_w1715_t1570447679.jpg","height":0,"width":0},"keywords":null},{"@type":"Article","@id":"https:\/\/www.tvb1.cz\/bytovy-architekt-praha\/","headline":"Bytov\u00fd architekt Praha","url":"https:\/\/www.tvb1.cz\/bytovy-architekt-praha\/","datePublished":"2019-05-07","dateModified":"2023-04-27","mainEntityOfPage":"https:\/\/www.tvb1.cz\/bytovy-architekt-praha\/","author":{"@type":"Person","@id":"https:\/\/www.tvb1.cz\/author\/#Person","name":"tvb1.cz\n","url":"https:\/\/www.tvb1.cz\/author\/","identifier":1,"image":{"@type":"ImageObject","@id":"https:\/\/secure.gravatar.com\/avatar\/774cfd57496a9f02284489749b4229073861faca9d8a66df7d65507a77c5d31f?s=96&d=mm&r=g","url":"https:\/\/secure.gravatar.com\/avatar\/774cfd57496a9f02284489749b4229073861faca9d8a66df7d65507a77c5d31f?s=96&d=mm&r=g","height":96,"width":96}},"publisher":{"@type":"Organization","name":"tvb1.cz","logo":{"@type":"ImageObject","@id":"\/logo.png","url":"\/logo.png","width":600,"height":60}},"image":{"@type":"ImageObject","@id":"https:\/\/www.tvb1.cz\/wp-content\/uploads\/img_a348089_w1715_t1562583879.jpg","url":"https:\/\/www.tvb1.cz\/wp-content\/uploads\/img_a348089_w1715_t1562583879.jpg","height":0,"width":0},"keywords":null},{"@type":"Article","@id":"https:\/\/www.tvb1.cz\/proc-se-tak-casto-vracime-ke-staremu-mysleni\/","headline":"Pro\u010d se tak \u010dasto vrac\u00edme ke star\u00e9mu my\u0161len\u00ed","url":"https:\/\/www.tvb1.cz\/proc-se-tak-casto-vracime-ke-staremu-mysleni\/","datePublished":"2018-09-22","dateModified":"2023-04-27","mainEntityOfPage":"https:\/\/www.tvb1.cz\/proc-se-tak-casto-vracime-ke-staremu-mysleni\/","author":{"@type":"Person","@id":"https:\/\/www.tvb1.cz\/author\/#Person","name":"tvb1.cz\n","url":"https:\/\/www.tvb1.cz\/author\/","identifier":1,"image":{"@type":"ImageObject","@id":"https:\/\/secure.gravatar.com\/avatar\/774cfd57496a9f02284489749b4229073861faca9d8a66df7d65507a77c5d31f?s=96&d=mm&r=g","url":"https:\/\/secure.gravatar.com\/avatar\/774cfd57496a9f02284489749b4229073861faca9d8a66df7d65507a77c5d31f?s=96&d=mm&r=g","height":96,"width":96}},"publisher":{"@type":"Organization","name":"tvb1.cz","logo":{"@type":"ImageObject","@id":"\/logo.png","url":"\/logo.png","width":600,"height":60}},"image":{"@type":"ImageObject","@id":"https:\/\/www.tvb1.cz\/wp-content\/uploads\/img_a325224_w1715_t1537088963.jpg","url":"https:\/\/www.tvb1.cz\/wp-content\/uploads\/img_a325224_w1715_t1537088963.jpg","height":0,"width":0},"keywords":null},{"@type":"Article","@id":"https:\/\/www.tvb1.cz\/spokojte-se-s-tim-nejlepsim\/","headline":"Spokojte se s t\u00edm nejlep\u0161\u00edm","url":"https:\/\/www.tvb1.cz\/spokojte-se-s-tim-nejlepsim\/","datePublished":"2017-12-14","dateModified":"2023-04-27","mainEntityOfPage":"https:\/\/www.tvb1.cz\/spokojte-se-s-tim-nejlepsim\/","author":{"@type":"Person","@id":"https:\/\/www.tvb1.cz\/author\/#Person","name":"tvb1.cz\n","url":"https:\/\/www.tvb1.cz\/author\/","identifier":1,"image":{"@type":"ImageObject","@id":"https:\/\/secure.gravatar.com\/avatar\/774cfd57496a9f02284489749b4229073861faca9d8a66df7d65507a77c5d31f?s=96&d=mm&r=g","url":"https:\/\/secure.gravatar.com\/avatar\/774cfd57496a9f02284489749b4229073861faca9d8a66df7d65507a77c5d31f?s=96&d=mm&r=g","height":96,"width":96}},"publisher":{"@type":"Organization","name":"tvb1.cz","logo":{"@type":"ImageObject","@id":"\/logo.png","url":"\/logo.png","width":600,"height":60}},"image":{"@type":"ImageObject","@id":"https:\/\/www.tvb1.cz\/wp-content\/uploads\/img_a307236_w1715_t1518602561.jpg","url":"https:\/\/www.tvb1.cz\/wp-content\/uploads\/img_a307236_w1715_t1518602561.jpg","height":0,"width":0},"keywords":null}]}